{"id":1705,"date":"2023-12-07T11:22:43","date_gmt":"2023-12-07T11:22:43","guid":{"rendered":"https:\/\/www.ar-architectes.com\/?p=1705"},"modified":"2023-12-22T11:04:28","modified_gmt":"2023-12-22T11:04:28","slug":"coulee-verte-avec-le-siare","status":"publish","type":"post","link":"https:\/\/www.ar-architectes.com\/fr\/france\/coulee-verte-avec-le-siare\/","title":{"rendered":"INAUGURATION DU PROJET \u00ab CYCL\u2019EAU \u00bb A DEUIL-LA-BARRE (95)"},"content":{"rendered":"\t\t<div data-elementor-type=\"wp-post\" data-elementor-id=\"1705\" class=\"elementor elementor-1705\">\n\t\t\t\t<div class=\"elementor-element elementor-element-3b470bb e-flex e-con-boxed e-con e-parent\" data-id=\"3b470bb\" data-element_type=\"container\" data-e-type=\"container\">\n\t\t\t\t\t<div class=\"e-con-inner\">\n\t\t\t\t<div class=\"elementor-element elementor-element-1676bee elementor-widget elementor-widget-video\" data-id=\"1676bee\" data-element_type=\"widget\" data-e-type=\"widget\" data-settings=\"{&quot;youtube_url&quot;:&quot;https:\\\/\\\/youtu.be\\\/7jt3AtJhMCg&quot;,&quot;video_type&quot;:&quot;youtube&quot;,&quot;controls&quot;:&quot;yes&quot;}\" data-widget_type=\"video.default\">\n\t\t\t\t<div class=\"elementor-widget-container\">\n\t\t\t\t\t\t\t<div class=\"elementor-wrapper elementor-open-inline\">\n\t\t\t<div class=\"elementor-video\"><\/div>\t\t<\/div>\n\t\t\t\t\t\t<\/div>\n\t\t\t\t<\/div>\n\t\t\t\t\t<\/div>\n\t\t\t\t<\/div>\n\t\t<div class=\"elementor-element elementor-element-3dcd25ab e-flex e-con-boxed e-con e-parent\" data-id=\"3dcd25ab\" data-element_type=\"container\" data-e-type=\"container\">\n\t\t\t\t\t<div class=\"e-con-inner\">\n\t\t\t\t<div class=\"elementor-element elementor-element-7155fc06 elementor-widget elementor-widget-text-editor\" data-id=\"7155fc06\" data-element_type=\"widget\" data-e-type=\"widget\" data-widget_type=\"text-editor.default\">\n\t\t\t\t<div class=\"elementor-widget-container\">\n\t\t\t\t\t\t\t\t\t<p>Nous sommes ravis de partager la vid\u00e9o r\u00e9alis\u00e9e le lundi 25 septembre 2023 \u00e0 l\u2019occasion de l&rsquo;inauguration du projet vertueux et r\u00e9silient, \u00ab Cycl\u2019eau \u00bb (bassin de stockage des eaux pluviales de 15 000 m\u00b3) \u00e0 Deuil-la-Barre (95) ainsi que ses locaux d\u2019exploitation \u00e9co-con\u00e7us suivant une d\u00e9marche HQE\u00ae par AR ARCHITECTES \/ ARTELIA, pour le compte du SIARE, ma\u00eetre d\u2019ouvrage. Un projet d\u00e9monstrateur en mati\u00e8re de construction et d\u2019am\u00e9nagements durables en lien avec la vision environnementale de Deuil-la-Barre et des objectifs r\u00e9silients de lutte contre les risques d\u2019inondation r\u00e9currents en ville.<\/p><p>Retrouvez \u00e9galement les communiqu\u00e9s de presse du projet par le biais des liens suivants :<\/p><p><a href=\"https:\/\/www.calameo.com\/read\/0054230239caa0b11386f\">Dossier de presse.<\/a><\/p><p><a href=\"https:\/\/www.calameo.com\/read\/0054230234115643fffd5\">Communiqu\u00e9 de presse.<\/a><\/p>\t\t\t\t\t\t\t\t<\/div>\n\t\t\t\t<\/div>\n\t\t\t\t\t<\/div>\n\t\t\t\t<\/div>\n\t\t\t\t<\/div>\n\t\t","protected":false},"excerpt":{"rendered":"<p>Coul\u00e9e verte avec le SIARE \u00e0 Deuil la Barre<\/p>\n","protected":false},"author":1,"featured_media":3775,"comment_status":"open","ping_status":"closed","sticky":false,"template":"","format":"standard","meta":{"_monsterinsights_skip_tracking":false,"_monsterinsights_sitenote_active":false,"_monsterinsights_sitenote_note":"","_monsterinsights_sitenote_category":0,"footnotes":""},"categories":[3],"tags":[14],"class_list":["post-1705","post","type-post","status-publish","format-standard","has-post-thumbnail","hentry","category-france","tag-biodiversite"],"_links":{"self":[{"href":"https:\/\/www.ar-architectes.com\/fr\/wp-json\/wp\/v2\/posts\/1705","targetHints":{"allow":["GET"]}}],"collection":[{"href":"https:\/\/www.ar-architectes.com\/fr\/wp-json\/wp\/v2\/posts"}],"about":[{"href":"https:\/\/www.ar-architectes.com\/fr\/wp-json\/wp\/v2\/types\/post"}],"author":[{"embeddable":true,"href":"https:\/\/www.ar-architectes.com\/fr\/wp-json\/wp\/v2\/users\/1"}],"replies":[{"embeddable":true,"href":"https:\/\/www.ar-architectes.com\/fr\/wp-json\/wp\/v2\/comments?post=1705"}],"version-history":[{"count":17,"href":"https:\/\/www.ar-architectes.com\/fr\/wp-json\/wp\/v2\/posts\/1705\/revisions"}],"predecessor-version":[{"id":3644,"href":"https:\/\/www.ar-architectes.com\/fr\/wp-json\/wp\/v2\/posts\/1705\/revisions\/3644"}],"wp:featuredmedia":[{"embeddable":true,"href":"https:\/\/www.ar-architectes.com\/fr\/wp-json\/wp\/v2\/media\/3775"}],"wp:attachment":[{"href":"https:\/\/www.ar-architectes.com\/fr\/wp-json\/wp\/v2\/media?parent=1705"}],"wp:term":[{"taxonomy":"category","embeddable":true,"href":"https:\/\/www.ar-architectes.com\/fr\/wp-json\/wp\/v2\/categories?post=1705"},{"taxonomy":"post_tag","embeddable":true,"href":"https:\/\/www.ar-architectes.com\/fr\/wp-json\/wp\/v2\/tags?post=1705"}],"curies":[{"name":"wp","href":"https:\/\/api.w.org\/{rel}","templated":true}]}}