{"id":3645,"date":"2023-12-21T10:30:20","date_gmt":"2023-12-21T10:30:20","guid":{"rendered":"https:\/\/www.ar-architectes.com\/?p=3645"},"modified":"2023-12-22T11:03:16","modified_gmt":"2023-12-22T11:03:16","slug":"pollutec-2023","status":"publish","type":"post","link":"https:\/\/www.ar-architectes.com\/fr\/france\/pollutec-2023\/","title":{"rendered":"POLLUTEC 2023"},"content":{"rendered":"\t\t<div data-elementor-type=\"wp-post\" data-elementor-id=\"3645\" class=\"elementor elementor-3645\">\n\t\t\t\t<div class=\"elementor-element elementor-element-1b6ba72 e-flex e-con-boxed e-con e-parent\" data-id=\"1b6ba72\" data-element_type=\"container\" data-e-type=\"container\">\n\t\t\t\t\t<div class=\"e-con-inner\">\n\t\t\t\t<div class=\"elementor-element elementor-element-37bd9b1 elementor-widget elementor-widget-image\" data-id=\"37bd9b1\" data-element_type=\"widget\" data-e-type=\"widget\" data-widget_type=\"image.default\">\n\t\t\t\t<div class=\"elementor-widget-container\">\n\t\t\t\t\t\t\t\t\t\t\t\t\t\t\t<img fetchpriority=\"high\" decoding=\"async\" width=\"768\" height=\"1024\" src=\"https:\/\/www.ar-architectes.com\/wp-content\/uploads\/2023\/12\/PHOTO-ACTUALITE-POLLUTEC-768x1024.jpeg\" class=\"attachment-large size-large wp-image-3646\" alt=\"\" srcset=\"https:\/\/www.ar-architectes.com\/wp-content\/uploads\/2023\/12\/PHOTO-ACTUALITE-POLLUTEC-768x1024.jpeg 768w, https:\/\/www.ar-architectes.com\/wp-content\/uploads\/2023\/12\/PHOTO-ACTUALITE-POLLUTEC-225x300.jpeg 225w, https:\/\/www.ar-architectes.com\/wp-content\/uploads\/2023\/12\/PHOTO-ACTUALITE-POLLUTEC-1152x1536.jpeg 1152w, https:\/\/www.ar-architectes.com\/wp-content\/uploads\/2023\/12\/PHOTO-ACTUALITE-POLLUTEC-600x800.jpeg 600w, https:\/\/www.ar-architectes.com\/wp-content\/uploads\/2023\/12\/PHOTO-ACTUALITE-POLLUTEC-700x933.jpeg 700w, https:\/\/www.ar-architectes.com\/wp-content\/uploads\/2023\/12\/PHOTO-ACTUALITE-POLLUTEC.jpeg 1200w\" sizes=\"(max-width: 768px) 100vw, 768px\" \/>\t\t\t\t\t\t\t\t\t\t\t\t\t\t\t<\/div>\n\t\t\t\t<\/div>\n\t\t\t\t\t<\/div>\n\t\t\t\t<\/div>\n\t\t<div class=\"elementor-element elementor-element-e26874c e-flex e-con-boxed e-con e-parent\" data-id=\"e26874c\" data-element_type=\"container\" data-e-type=\"container\">\n\t\t\t\t\t<div class=\"e-con-inner\">\n\t\t\t\t<div class=\"elementor-element elementor-element-899482e elementor-widget elementor-widget-text-editor\" data-id=\"899482e\" data-element_type=\"widget\" data-e-type=\"widget\" data-widget_type=\"text-editor.default\">\n\t\t\t\t<div class=\"elementor-widget-container\">\n\t\t\t\t\t\t\t\t\t<p>AR ARCHITECTES a eu le plaisir de participer en tant qu\u2019exposant au salon \u00ab\u00a0POLLUTEC\u00a0\u00bb \u00e0 Lyon du 10 au 13 Octobre 2023, au stand N\u00b0H4-F002 du Club ADEME International. Mme Ruba ALABED, Architecte DESA, g\u00e9rante de AR ARCHITECTES, et d\u00e9l\u00e9gu\u00e9e g\u00e9n\u00e9rale du Club ADEME International a repr\u00e9sent\u00e9 les \u00e9co-entreprises du Club et a anim\u00e9 une conf\u00e9rence sur \u00ab La Ville Durable Fran\u00e7aise \u00bb le mardi 10 Octobre 2023 au Forum International.<\/p>\t\t\t\t\t\t\t\t<\/div>\n\t\t\t\t<\/div>\n\t\t\t\t\t<\/div>\n\t\t\t\t<\/div>\n\t\t\t\t<\/div>\n\t\t","protected":false},"excerpt":{"rendered":"<p>AR ARCHITECTES a eu le plaisir de participer en tant qu\u2019exposant au salon \u00ab\u00a0POLLUTEC\u00a0\u00bb \u00e0 Lyon du 10 au 13 Octobre 2023, <\/p>\n","protected":false},"author":1,"featured_media":3769,"comment_status":"open","ping_status":"open","sticky":false,"template":"","format":"standard","meta":{"_monsterinsights_skip_tracking":false,"_monsterinsights_sitenote_active":false,"_monsterinsights_sitenote_note":"","_monsterinsights_sitenote_category":0,"footnotes":""},"categories":[3],"tags":[],"class_list":["post-3645","post","type-post","status-publish","format-standard","has-post-thumbnail","hentry","category-france"],"_links":{"self":[{"href":"https:\/\/www.ar-architectes.com\/fr\/wp-json\/wp\/v2\/posts\/3645","targetHints":{"allow":["GET"]}}],"collection":[{"href":"https:\/\/www.ar-architectes.com\/fr\/wp-json\/wp\/v2\/posts"}],"about":[{"href":"https:\/\/www.ar-architectes.com\/fr\/wp-json\/wp\/v2\/types\/post"}],"author":[{"embeddable":true,"href":"https:\/\/www.ar-architectes.com\/fr\/wp-json\/wp\/v2\/users\/1"}],"replies":[{"embeddable":true,"href":"https:\/\/www.ar-architectes.com\/fr\/wp-json\/wp\/v2\/comments?post=3645"}],"version-history":[{"count":4,"href":"https:\/\/www.ar-architectes.com\/fr\/wp-json\/wp\/v2\/posts\/3645\/revisions"}],"predecessor-version":[{"id":3651,"href":"https:\/\/www.ar-architectes.com\/fr\/wp-json\/wp\/v2\/posts\/3645\/revisions\/3651"}],"wp:featuredmedia":[{"embeddable":true,"href":"https:\/\/www.ar-architectes.com\/fr\/wp-json\/wp\/v2\/media\/3769"}],"wp:attachment":[{"href":"https:\/\/www.ar-architectes.com\/fr\/wp-json\/wp\/v2\/media?parent=3645"}],"wp:term":[{"taxonomy":"category","embeddable":true,"href":"https:\/\/www.ar-architectes.com\/fr\/wp-json\/wp\/v2\/categories?post=3645"},{"taxonomy":"post_tag","embeddable":true,"href":"https:\/\/www.ar-architectes.com\/fr\/wp-json\/wp\/v2\/tags?post=3645"}],"curies":[{"name":"wp","href":"https:\/\/api.w.org\/{rel}","templated":true}]}}