{"id":4105,"date":"2024-02-02T15:22:58","date_gmt":"2024-02-02T15:22:58","guid":{"rendered":"https:\/\/www.ar-architectes.com\/?p=4105"},"modified":"2024-02-02T16:08:05","modified_gmt":"2024-02-02T16:08:05","slug":"ar-architectes-laureat-pour-la-dechetterie-de-confluans-sainte-honorine-78","status":"publish","type":"post","link":"https:\/\/www.ar-architectes.com\/fr\/non-classifiee\/ar-architectes-laureat-pour-la-dechetterie-de-confluans-sainte-honorine-78\/","title":{"rendered":"AR ARCHITECTES EST LAUR\u00c9AT POUR LA R\u00c9HABILITATION BIOCLIMATIQUE DE LA D\u00c9CHETTERIE DE CONFLANS-SAINTE-HONORINE (78)"},"content":{"rendered":"\t\t<div data-elementor-type=\"wp-post\" data-elementor-id=\"4105\" class=\"elementor elementor-4105\">\n\t\t\t\t<div class=\"elementor-element elementor-element-8d17e4e e-flex e-con-boxed e-con e-parent\" data-id=\"8d17e4e\" data-element_type=\"container\" data-e-type=\"container\">\n\t\t\t\t\t<div class=\"e-con-inner\">\n\t\t\t\t<div class=\"elementor-element elementor-element-25b30f0 elementor-widget elementor-widget-image\" data-id=\"25b30f0\" data-element_type=\"widget\" data-e-type=\"widget\" data-widget_type=\"image.default\">\n\t\t\t\t<div class=\"elementor-widget-container\">\n\t\t\t\t\t\t\t\t\t\t\t\t\t\t\t<img fetchpriority=\"high\" decoding=\"async\" width=\"1024\" height=\"770\" src=\"https:\/\/www.ar-architectes.com\/wp-content\/uploads\/2024\/02\/DECHETTERIE-CONFLANS-SAINTE-HONORINE-1024x770.png\" class=\"attachment-large size-large wp-image-4068\" alt=\"\" srcset=\"https:\/\/www.ar-architectes.com\/wp-content\/uploads\/2024\/02\/DECHETTERIE-CONFLANS-SAINTE-HONORINE-1024x770.png 1024w, https:\/\/www.ar-architectes.com\/wp-content\/uploads\/2024\/02\/DECHETTERIE-CONFLANS-SAINTE-HONORINE-300x226.png 300w, https:\/\/www.ar-architectes.com\/wp-content\/uploads\/2024\/02\/DECHETTERIE-CONFLANS-SAINTE-HONORINE-768x578.png 768w, https:\/\/www.ar-architectes.com\/wp-content\/uploads\/2024\/02\/DECHETTERIE-CONFLANS-SAINTE-HONORINE-1536x1155.png 1536w, https:\/\/www.ar-architectes.com\/wp-content\/uploads\/2024\/02\/DECHETTERIE-CONFLANS-SAINTE-HONORINE-2048x1540.png 2048w, https:\/\/www.ar-architectes.com\/wp-content\/uploads\/2024\/02\/DECHETTERIE-CONFLANS-SAINTE-HONORINE-700x526.png 700w\" sizes=\"(max-width: 1024px) 100vw, 1024px\" \/>\t\t\t\t\t\t\t\t\t\t\t\t\t\t\t<\/div>\n\t\t\t\t<\/div>\n\t\t\t\t\t<\/div>\n\t\t\t\t<\/div>\n\t\t<div class=\"elementor-element elementor-element-eb1127a e-flex e-con-boxed e-con e-parent\" data-id=\"eb1127a\" data-element_type=\"container\" data-e-type=\"container\">\n\t\t\t\t\t<div class=\"e-con-inner\">\n\t\t\t\t<div class=\"elementor-element elementor-element-8496007 elementor-widget elementor-widget-text-editor\" data-id=\"8496007\" data-element_type=\"widget\" data-e-type=\"widget\" data-widget_type=\"text-editor.default\">\n\t\t\t\t<div class=\"elementor-widget-container\">\n\t\t\t\t\t\t\t\t\t<p>L&rsquo;\u00e9quipe de AR ARCHITECTES est ravie de vous annoncer que nous avons remport\u00e9 la \u00ab\u00a0Mission de ma\u00eetrise d&rsquo;<span style=\"color: var( --e-global-color-text ); font-family: var( --e-global-typography-text-font-family ), Sans-serif; font-weight: var( --e-global-typography-text-font-weight ); text-align: var(--text-align);\">\u0153<\/span><span style=\"color: var( --e-global-color-text ); font-family: var( --e-global-typography-text-font-family ), Sans-serif; font-weight: var( --e-global-typography-text-font-weight ); text-align: var(--text-align);\">uvre pour la r\u00e9alisation de travaux de r\u00e9habilitation de la d\u00e9chetterie de Conflans-Sainte-Honorine\u00a0\u00bb, en co-traitance avec notre partenaire TEM PARTNERS !<\/span><\/p>\t\t\t\t\t\t\t\t<\/div>\n\t\t\t\t<\/div>\n\t\t\t\t\t<\/div>\n\t\t\t\t<\/div>\n\t\t\t\t<\/div>\n\t\t","protected":false},"excerpt":{"rendered":"<p>L&rsquo;\u00e9quipe de AR ARCHITECTES est ravie de vous annoncer que nous avons remport\u00e9 la \u00ab\u00a0Mission de ma\u00eetrise d&rsquo;\u0153uvre pour la r\u00e9alisation de travaux de r\u00e9habilitation de la d\u00e9chetterie de Conflans-Sainte-Honorine\u00a0\u00bb, en co-traitance avec notre partenaire TEM PARTNERS !<\/p>\n","protected":false},"author":1,"featured_media":4068,"comment_status":"open","ping_status":"open","sticky":true,"template":"","format":"standard","meta":{"_monsterinsights_skip_tracking":false,"_monsterinsights_sitenote_active":false,"_monsterinsights_sitenote_note":"","_monsterinsights_sitenote_category":0,"footnotes":""},"categories":[1],"tags":[],"class_list":["post-4105","post","type-post","status-publish","format-standard","has-post-thumbnail","hentry","category-non-classifiee"],"_links":{"self":[{"href":"https:\/\/www.ar-architectes.com\/fr\/wp-json\/wp\/v2\/posts\/4105","targetHints":{"allow":["GET"]}}],"collection":[{"href":"https:\/\/www.ar-architectes.com\/fr\/wp-json\/wp\/v2\/posts"}],"about":[{"href":"https:\/\/www.ar-architectes.com\/fr\/wp-json\/wp\/v2\/types\/post"}],"author":[{"embeddable":true,"href":"https:\/\/www.ar-architectes.com\/fr\/wp-json\/wp\/v2\/users\/1"}],"replies":[{"embeddable":true,"href":"https:\/\/www.ar-architectes.com\/fr\/wp-json\/wp\/v2\/comments?post=4105"}],"version-history":[{"count":13,"href":"https:\/\/www.ar-architectes.com\/fr\/wp-json\/wp\/v2\/posts\/4105\/revisions"}],"predecessor-version":[{"id":4130,"href":"https:\/\/www.ar-architectes.com\/fr\/wp-json\/wp\/v2\/posts\/4105\/revisions\/4130"}],"wp:featuredmedia":[{"embeddable":true,"href":"https:\/\/www.ar-architectes.com\/fr\/wp-json\/wp\/v2\/media\/4068"}],"wp:attachment":[{"href":"https:\/\/www.ar-architectes.com\/fr\/wp-json\/wp\/v2\/media?parent=4105"}],"wp:term":[{"taxonomy":"category","embeddable":true,"href":"https:\/\/www.ar-architectes.com\/fr\/wp-json\/wp\/v2\/categories?post=4105"},{"taxonomy":"post_tag","embeddable":true,"href":"https:\/\/www.ar-architectes.com\/fr\/wp-json\/wp\/v2\/tags?post=4105"}],"curies":[{"name":"wp","href":"https:\/\/api.w.org\/{rel}","templated":true}]}}