{"id":4122,"date":"2024-02-02T15:55:34","date_gmt":"2024-02-02T15:55:34","guid":{"rendered":"https:\/\/www.ar-architectes.com\/?p=4122"},"modified":"2024-02-13T13:49:02","modified_gmt":"2024-02-13T13:49:02","slug":"accords-cadre-de-33-lycees-franciliens-et-parisiens","status":"publish","type":"post","link":"https:\/\/www.ar-architectes.com\/fr\/non-classifiee\/accords-cadre-de-33-lycees-franciliens-et-parisiens\/","title":{"rendered":"CHANTIER EN COURS : LES TRAVAUX CONTINUENT PENDANT LES F\u00caTES DE NO\u00cbL"},"content":{"rendered":"\t\t<div data-elementor-type=\"wp-post\" data-elementor-id=\"4122\" class=\"elementor elementor-4122\">\n\t\t\t\t<div class=\"elementor-element elementor-element-3b470bb e-flex e-con-boxed e-con e-parent\" data-id=\"3b470bb\" data-element_type=\"container\" data-e-type=\"container\">\n\t\t\t\t\t<div class=\"e-con-inner\">\n\t\t\t\t<div class=\"elementor-element elementor-element-1676bee elementor-widget elementor-widget-video\" data-id=\"1676bee\" data-element_type=\"widget\" data-e-type=\"widget\" data-settings=\"{&quot;video_type&quot;:&quot;hosted&quot;,&quot;controls&quot;:&quot;yes&quot;}\" data-widget_type=\"video.default\">\n\t\t\t\t<div class=\"elementor-widget-container\">\n\t\t\t\t\t\t\t<div class=\"e-hosted-video elementor-wrapper elementor-open-inline\">\n\t\t\t\t\t<video class=\"elementor-video\" src=\"https:\/\/www.ar-architectes.com\/wp-content\/uploads\/2024\/02\/1706284452357.mp4\" controls=\"\" preload=\"metadata\" controlsList=\"nodownload\"><\/video>\n\t\t\t\t<\/div>\n\t\t\t\t\t\t<\/div>\n\t\t\t\t<\/div>\n\t\t\t\t\t<\/div>\n\t\t\t\t<\/div>\n\t\t<div class=\"elementor-element elementor-element-3dcd25ab e-flex e-con-boxed e-con e-parent\" data-id=\"3dcd25ab\" data-element_type=\"container\" data-e-type=\"container\">\n\t\t\t\t\t<div class=\"e-con-inner\">\n\t\t\t\t<div class=\"elementor-element elementor-element-7155fc06 elementor-widget elementor-widget-text-editor\" data-id=\"7155fc06\" data-element_type=\"widget\" data-e-type=\"widget\" data-widget_type=\"text-editor.default\">\n\t\t\t\t<div class=\"elementor-widget-container\">\n\t\t\t\t\t\t\t\t\t<p><img decoding=\"async\" draggable=\"false\" role=\"img\" class=\"emoji\" alt=\"\u2b50\ufe0f\" src=\"https:\/\/s.w.org\/images\/core\/emoji\/14.0.0\/svg\/2b50.svg\" style=\"background-color: rgb(246, 246, 246); font-weight: var( --e-global-typography-text-font-weight ); text-align: var(--text-align); color: rgb(31, 73, 125); font-family: &quot;Segoe UI Emoji&quot;, sans-serif; font-size: 14.6667px; background-image: none !important;\">AR ARCHITECTES est fi\u00e8re d&rsquo;accompagner la R\u00e9gion&nbsp;<span style=\"background-color: #ffffff; color: #293557; font-family: 'noto sans', sans-serif; font-size: 18px; font-weight: var( --e-global-typography-text-font-weight ); text-align: var(--text-align);\">\u00ce<\/span><span style=\"color: var( --e-global-color-text ); font-family: var( --e-global-typography-text-font-family ), Sans-serif; font-weight: var( --e-global-typography-text-font-weight ); text-align: var(--text-align);\">le-de-France et son mandataire&nbsp;<\/span><span style=\"background-color: rgb(255, 255, 255); font-weight: var( --e-global-typography-text-font-weight ); text-align: var(--text-align); color: rgb(41, 53, 87); font-family: &quot;noto sans&quot;, sans-serif; font-size: 18px;\">\u00ce<\/span><span style=\"background-color: rgb(246, 246, 246); color: var( --e-global-color-text ); font-family: var( --e-global-typography-text-font-family ), Sans-serif; font-weight: var( --e-global-typography-text-font-weight ); text-align: var(--text-align);\">le-de-France Construction Durable (IDFCD)<\/span><span style=\"color: var( --e-global-color-text ); font-family: var( --e-global-typography-text-font-family ), Sans-serif; font-weight: var( --e-global-typography-text-font-weight ); text-align: var(--text-align);\">&nbsp;dans des projets de r\u00e9habilitation de lyc\u00e9es franciliens et parisiens.<\/span><\/p>\n<p><img decoding=\"async\" draggable=\"false\" role=\"img\" class=\"emoji\" alt=\"\ud83d\udc4c\ud83c\udffb\" src=\"https:\/\/s.w.org\/images\/core\/emoji\/14.0.0\/svg\/1f44c-1f3fb.svg\" style=\"background-color: rgb(246, 246, 246); font-weight: var( --e-global-typography-text-font-weight ); text-align: var(--text-align); color: rgb(31, 73, 125); font-family: &quot;Segoe UI Emoji&quot;, sans-serif; font-size: 14.6667px; background-image: none !important;\"><span style=\"color: var( --e-global-color-text ); font-family: var( --e-global-typography-text-font-family ), Sans-serif; font-weight: var( --e-global-typography-text-font-weight ); text-align: var(--text-align);\">IDFCD profite des vacances scolaires pour r\u00e9aliser des chantiers d&rsquo;am\u00e9lioration dans les lyc\u00e9es de la R\u00e9gion&nbsp;<\/span><span style=\"font-weight: var( --e-global-typography-text-font-weight ); text-align: var(--text-align); background-color: rgb(255, 255, 255); color: rgb(41, 53, 87); font-family: &quot;noto sans&quot;, sans-serif; font-size: 18px;\">\u00ce<\/span><span style=\"color: var( --e-global-color-text ); font-family: var( --e-global-typography-text-font-family ), Sans-serif; font-weight: var( --e-global-typography-text-font-weight ); text-align: var(--text-align); background-color: rgb(246, 246, 246);\">le-de-France.<\/span><\/p>\n<p><img decoding=\"async\" draggable=\"false\" role=\"img\" class=\"emoji\" alt=\"\ud83c\udfd7\ufe0f\" src=\"https:\/\/s.w.org\/images\/core\/emoji\/14.0.0\/svg\/1f3d7.svg\" style=\"background-color: rgb(246, 246, 246); font-weight: var( --e-global-typography-text-font-weight ); text-align: var(--text-align); color: rgb(31, 73, 125); font-family: &quot;Segoe UI Emoji&quot;, sans-serif; font-size: 14.6667px; background-image: none !important;\"><span style=\"color: var( --e-global-color-text ); font-family: var( --e-global-typography-text-font-family ), Sans-serif; font-weight: var( --e-global-typography-text-font-weight ); text-align: var(--text-align); background-color: rgb(246, 246, 246);\">Pendant les vacances de No\u00ebl, le chantier a continu\u00e9 \u00e0 progresser dans 26 lyc\u00e9es sur l&rsquo;ensemble du territoire r\u00e9gional.<\/span><\/p>\n<p><img decoding=\"async\" draggable=\"false\" role=\"img\" class=\"emoji\" alt=\"\u2b06\ufe0f\" src=\"https:\/\/s.w.org\/images\/core\/emoji\/14.0.0\/svg\/2b06.svg\" style=\"background-color: rgb(246, 246, 246); color: var( --e-global-color-text ); font-family: var( --e-global-typography-text-font-family ), Sans-serif; font-weight: var( --e-global-typography-text-font-weight ); text-align: var(--text-align); background-image: none !important;\"><span style=\"color: var( --e-global-color-text ); font-family: var( --e-global-typography-text-font-family ), Sans-serif; font-weight: var( --e-global-typography-text-font-weight ); text-align: var(--text-align);\">Nous vous invitons \u00e0 regarder la vid\u00e9o qu&rsquo;IDFCD a r\u00e9alis\u00e9 pour le bilan !<\/span><\/p>\t\t\t\t\t\t\t\t<\/div>\n\t\t\t\t<\/div>\n\t\t\t\t\t<\/div>\n\t\t\t\t<\/div>\n\t\t\t\t<\/div>\n\t\t","protected":false},"excerpt":{"rendered":"<p>https:\/\/www.ar-architectes.com\/wp-content\/uploads\/2024\/02\/1706284452357.mp4 AR ARCHITECTES est fi\u00e8re d&rsquo;accompagner la R\u00e9gion&nbsp;\u00cele-de-France et son mandataire&nbsp;\u00cele-de-France Construction Durable (IDFCD)&nbsp;dans des projets de r\u00e9habilitation de lyc\u00e9es franciliens et parisiens. IDFCD profite des vacances scolaires pour r\u00e9aliser des chantiers d&rsquo;am\u00e9lioration dans les lyc\u00e9es de la R\u00e9gion&nbsp;\u00cele-de-France. Pendant les vacances de No\u00ebl, le&#8230;<\/p>\n","protected":false},"author":1,"featured_media":4064,"comment_status":"open","ping_status":"closed","sticky":true,"template":"","format":"standard","meta":{"_monsterinsights_skip_tracking":false,"_monsterinsights_sitenote_active":false,"_monsterinsights_sitenote_note":"","_monsterinsights_sitenote_category":0,"footnotes":""},"categories":[1],"tags":[],"class_list":["post-4122","post","type-post","status-publish","format-standard","has-post-thumbnail","hentry","category-non-classifiee"],"_links":{"self":[{"href":"https:\/\/www.ar-architectes.com\/fr\/wp-json\/wp\/v2\/posts\/4122","targetHints":{"allow":["GET"]}}],"collection":[{"href":"https:\/\/www.ar-architectes.com\/fr\/wp-json\/wp\/v2\/posts"}],"about":[{"href":"https:\/\/www.ar-architectes.com\/fr\/wp-json\/wp\/v2\/types\/post"}],"author":[{"embeddable":true,"href":"https:\/\/www.ar-architectes.com\/fr\/wp-json\/wp\/v2\/users\/1"}],"replies":[{"embeddable":true,"href":"https:\/\/www.ar-architectes.com\/fr\/wp-json\/wp\/v2\/comments?post=4122"}],"version-history":[{"count":12,"href":"https:\/\/www.ar-architectes.com\/fr\/wp-json\/wp\/v2\/posts\/4122\/revisions"}],"predecessor-version":[{"id":4232,"href":"https:\/\/www.ar-architectes.com\/fr\/wp-json\/wp\/v2\/posts\/4122\/revisions\/4232"}],"wp:featuredmedia":[{"embeddable":true,"href":"https:\/\/www.ar-architectes.com\/fr\/wp-json\/wp\/v2\/media\/4064"}],"wp:attachment":[{"href":"https:\/\/www.ar-architectes.com\/fr\/wp-json\/wp\/v2\/media?parent=4122"}],"wp:term":[{"taxonomy":"category","embeddable":true,"href":"https:\/\/www.ar-architectes.com\/fr\/wp-json\/wp\/v2\/categories?post=4122"},{"taxonomy":"post_tag","embeddable":true,"href":"https:\/\/www.ar-architectes.com\/fr\/wp-json\/wp\/v2\/tags?post=4122"}],"curies":[{"name":"wp","href":"https:\/\/api.w.org\/{rel}","templated":true}]}}