{"id":5600,"date":"2025-01-22T11:00:20","date_gmt":"2025-01-22T11:00:20","guid":{"rendered":"https:\/\/www.ar-architectes.com\/?p=5600"},"modified":"2025-01-22T12:00:15","modified_gmt":"2025-01-22T12:00:15","slug":"ar-architectes-aux-rencontres-du-club-ademe-international-retour-sur-la-participation-de-ruba-alabed-a-la-table-ronde-du-16-01-25","status":"publish","type":"post","link":"https:\/\/www.ar-architectes.com\/fr\/non-classifiee\/ar-architectes-aux-rencontres-du-club-ademe-international-retour-sur-la-participation-de-ruba-alabed-a-la-table-ronde-du-16-01-25\/","title":{"rendered":"AR ARCHITECTES PARTICIPE \u00c0 LA PREMI\u00c8RE RENCONTRE 2025 DU CLUB ADEME INTERNATIONAL"},"content":{"rendered":"\t\t<div data-elementor-type=\"wp-post\" data-elementor-id=\"5600\" class=\"elementor elementor-5600\">\n\t\t\t\t<div class=\"elementor-element elementor-element-8b0d8ad e-flex e-con-boxed e-con e-parent\" data-id=\"8b0d8ad\" data-element_type=\"container\" data-e-type=\"container\">\n\t\t\t\t\t<div class=\"e-con-inner\">\n\t\t\t\t<div class=\"elementor-element elementor-element-267c553 elementor-widget elementor-widget-image\" data-id=\"267c553\" data-element_type=\"widget\" data-e-type=\"widget\" data-widget_type=\"image.default\">\n\t\t\t\t<div class=\"elementor-widget-container\">\n\t\t\t\t\t\t\t\t\t\t\t\t\t\t\t<img fetchpriority=\"high\" decoding=\"async\" width=\"1024\" height=\"538\" src=\"https:\/\/www.ar-architectes.com\/wp-content\/uploads\/2025\/01\/WhatsApp-Image-2025-01-21-at-15.59.38-1024x538.jpg\" class=\"attachment-large size-large wp-image-5605\" alt=\"\" srcset=\"https:\/\/www.ar-architectes.com\/wp-content\/uploads\/2025\/01\/WhatsApp-Image-2025-01-21-at-15.59.38-1024x538.jpg 1024w, https:\/\/www.ar-architectes.com\/wp-content\/uploads\/2025\/01\/WhatsApp-Image-2025-01-21-at-15.59.38-300x158.jpg 300w, https:\/\/www.ar-architectes.com\/wp-content\/uploads\/2025\/01\/WhatsApp-Image-2025-01-21-at-15.59.38-768x403.jpg 768w, https:\/\/www.ar-architectes.com\/wp-content\/uploads\/2025\/01\/WhatsApp-Image-2025-01-21-at-15.59.38-1536x806.jpg 1536w, https:\/\/www.ar-architectes.com\/wp-content\/uploads\/2025\/01\/WhatsApp-Image-2025-01-21-at-15.59.38-700x368.jpg 700w, https:\/\/www.ar-architectes.com\/wp-content\/uploads\/2025\/01\/WhatsApp-Image-2025-01-21-at-15.59.38.jpg 1600w\" sizes=\"(max-width: 1024px) 100vw, 1024px\" \/>\t\t\t\t\t\t\t\t\t\t\t\t\t\t\t<\/div>\n\t\t\t\t<\/div>\n\t\t\t\t\t<\/div>\n\t\t\t\t<\/div>\n\t\t<div class=\"elementor-element elementor-element-eb1127a e-flex e-con-boxed e-con e-parent\" data-id=\"eb1127a\" data-element_type=\"container\" data-e-type=\"container\">\n\t\t\t\t\t<div class=\"e-con-inner\">\n\t\t\t\t<div class=\"elementor-element elementor-element-8496007 elementor-widget elementor-widget-text-editor\" data-id=\"8496007\" data-element_type=\"widget\" data-e-type=\"widget\" data-widget_type=\"text-editor.default\">\n\t\t\t\t<div class=\"elementor-widget-container\">\n\t\t\t\t\t\t\t\t\t<h2><strong><br \/>PREMI\u00c8RE RENCONTRE 2025 DU CLUB ADEME INTERNATIONAL :<\/strong><\/h2><h3><strong><br \/>un rendez-vous incontournable pour \u00e9changer sur l\u00e9 d\u00e9veloppement des \u00e9co-entreprises \u00e0 l&rsquo;international<\/strong><\/h3><p><strong><br \/><\/strong>AR ARCHITECTES est ravi de vous annoncer que Ruba ALABED\u00a0a particip\u00e9 \u00e0 la rencontre 2025 du Club ADEME International en tant qu&rsquo;architecte et D\u00e9l\u00e9gu\u00e9e G\u00e9n\u00e9rale du Club ADEME International en pr\u00e9sence de Sylvain Waserman, Pr\u00e9sident de l&rsquo;ADEME,\u00a0 Lila HAMMEL, responsable du Club ADEME International, ainsi que les autres institutions \u0153uvrant pour la transition \u00e9cologique fran\u00e7aise \u00e0 l&rsquo;international jeudi 16 janvier 2025.\u00a0<\/p><p><span style=\"color: var( --e-global-color-text ); font-family: var( --e-global-typography-text-font-family ), Sans-serif; font-weight: var( --e-global-typography-text-font-weight ); text-align: var(--text-align);\">L&rsquo;agence AR ARCHITECTES a \u00e9t\u00e9 invit\u00e9e \u00e0 partager son exp\u00e9rience \u00e0 l&rsquo;international en tant qu&rsquo;\u00e9co-entreprise et membre du Club ADEME International aupr\u00e8s des \u00e9co-entreprises du club, lors d&rsquo;une table ronde sur le th\u00e8me : <\/span><span style=\"color: var( --e-global-color-text ); font-family: var( --e-global-typography-text-font-family ), Sans-serif; font-weight: var( --e-global-typography-text-font-weight ); text-align: var(--text-align);\">Les Enjeux de l\u2019internationalisation pour les \u00e9co-entreprises en 2025.<\/span><\/p><p>Nous tenons \u00e0 remercier Sylvain Waserman pour son mot d&rsquo;ouverture et chacun des intervenants pour la qualit\u00e9 de leurs pr\u00e9sentations.<br \/><br \/><\/p>\t\t\t\t\t\t\t\t<\/div>\n\t\t\t\t<\/div>\n\t\t\t\t\t<\/div>\n\t\t\t\t<\/div>\n\t\t<div class=\"elementor-element elementor-element-a50f81f e-flex e-con-boxed e-con e-parent\" data-id=\"a50f81f\" data-element_type=\"container\" data-e-type=\"container\">\n\t\t\t\t\t<div class=\"e-con-inner\">\n\t\t\t\t<div class=\"elementor-element elementor-element-a8b2b99 elementor-arrows-position-inside elementor-pagination-position-outside elementor-widget elementor-widget-image-carousel\" data-id=\"a8b2b99\" data-element_type=\"widget\" data-e-type=\"widget\" data-settings=\"{&quot;image_spacing_custom&quot;:{&quot;unit&quot;:&quot;px&quot;,&quot;size&quot;:13,&quot;sizes&quot;:[]},&quot;navigation&quot;:&quot;both&quot;,&quot;autoplay&quot;:&quot;yes&quot;,&quot;pause_on_hover&quot;:&quot;yes&quot;,&quot;pause_on_interaction&quot;:&quot;yes&quot;,&quot;autoplay_speed&quot;:5000,&quot;infinite&quot;:&quot;yes&quot;,&quot;speed&quot;:500,&quot;image_spacing_custom_tablet&quot;:{&quot;unit&quot;:&quot;px&quot;,&quot;size&quot;:&quot;&quot;,&quot;sizes&quot;:[]},&quot;image_spacing_custom_mobile&quot;:{&quot;unit&quot;:&quot;px&quot;,&quot;size&quot;:&quot;&quot;,&quot;sizes&quot;:[]}}\" data-widget_type=\"image-carousel.default\">\n\t\t\t\t<div class=\"elementor-widget-container\">\n\t\t\t\t\t\t\t<div class=\"elementor-image-carousel-wrapper swiper\" role=\"region\" aria-roledescription=\"carousel\" aria-label=\"Carrousel d\u2019images\" dir=\"ltr\">\n\t\t\t<div class=\"elementor-image-carousel swiper-wrapper\" aria-live=\"off\">\n\t\t\t\t\t\t\t\t<div class=\"swiper-slide\" role=\"group\" aria-roledescription=\"slide\" aria-label=\"1 sur 4\"><figure class=\"swiper-slide-inner\"><img decoding=\"async\" class=\"swiper-slide-image\" src=\"https:\/\/www.ar-architectes.com\/wp-content\/uploads\/2025\/01\/WhatsApp-Image-2025-01-21-at-18.01.17-1000x1000.jpeg\" alt=\"\" \/><\/figure><\/div><div class=\"swiper-slide\" role=\"group\" aria-roledescription=\"slide\" aria-label=\"2 sur 4\"><figure class=\"swiper-slide-inner\"><img decoding=\"async\" class=\"swiper-slide-image\" src=\"https:\/\/www.ar-architectes.com\/wp-content\/uploads\/2025\/01\/1737105768174-1000x1000.jpg\" alt=\"\" \/><\/figure><\/div><div class=\"swiper-slide\" role=\"group\" aria-roledescription=\"slide\" aria-label=\"3 sur 4\"><figure class=\"swiper-slide-inner\"><img decoding=\"async\" class=\"swiper-slide-image\" src=\"https:\/\/www.ar-architectes.com\/wp-content\/uploads\/2025\/01\/WhatsApp-Image-2025-01-21-at-15.59.58-1000x1000.jpeg\" alt=\"\" \/><\/figure><\/div><div class=\"swiper-slide\" role=\"group\" aria-roledescription=\"slide\" aria-label=\"4 sur 4\"><figure class=\"swiper-slide-inner\"><img decoding=\"async\" class=\"swiper-slide-image\" src=\"https:\/\/www.ar-architectes.com\/wp-content\/uploads\/2025\/01\/WhatsApp-Image-2025-01-21-at-15.59.38-1000x840.jpg\" alt=\"\" \/><\/figure><\/div>\t\t\t<\/div>\n\t\t\t\t\t\t\t\t\t\t\t\t<div class=\"elementor-swiper-button elementor-swiper-button-prev\" role=\"button\" tabindex=\"0\">\n\t\t\t\t\t\t<i aria-hidden=\"true\" class=\"eicon-chevron-left\"><\/i>\t\t\t\t\t<\/div>\n\t\t\t\t\t<div class=\"elementor-swiper-button elementor-swiper-button-next\" role=\"button\" tabindex=\"0\">\n\t\t\t\t\t\t<i aria-hidden=\"true\" class=\"eicon-chevron-right\"><\/i>\t\t\t\t\t<\/div>\n\t\t\t\t\n\t\t\t\t\t\t\t\t\t<div class=\"swiper-pagination\"><\/div>\n\t\t\t\t\t\t\t\t\t<\/div>\n\t\t\t\t\t\t<\/div>\n\t\t\t\t<\/div>\n\t\t\t\t\t<\/div>\n\t\t\t\t<\/div>\n\t\t<div class=\"elementor-element elementor-element-c0f8b03 e-flex e-con-boxed e-con e-parent\" data-id=\"c0f8b03\" data-element_type=\"container\" data-e-type=\"container\">\n\t\t\t\t\t<div class=\"e-con-inner\">\n\t\t\t\t\t<\/div>\n\t\t\t\t<\/div>\n\t\t\t\t<\/div>\n\t\t","protected":false},"excerpt":{"rendered":"<p>PREMI\u00c8RE RENCONTRE 2025 DU CLUB ADEME INTERNATIONAL : un rendez-vous incontournable pour \u00e9changer sur l\u00e9 d\u00e9veloppement des \u00e9co-entreprises \u00e0 l&rsquo;international AR ARCHITECTES est ravi de vous annoncer que Ruba ALABED\u00a0a particip\u00e9 \u00e0 la rencontre 2025 du Club ADEME International en tant qu&rsquo;architecte et D\u00e9l\u00e9gu\u00e9e G\u00e9n\u00e9rale&#8230;<\/p>\n","protected":false},"author":1,"featured_media":5605,"comment_status":"open","ping_status":"open","sticky":true,"template":"","format":"standard","meta":{"_monsterinsights_skip_tracking":false,"_monsterinsights_sitenote_active":false,"_monsterinsights_sitenote_note":"","_monsterinsights_sitenote_category":0,"footnotes":""},"categories":[1],"tags":[],"class_list":["post-5600","post","type-post","status-publish","format-standard","has-post-thumbnail","hentry","category-non-classifiee"],"_links":{"self":[{"href":"https:\/\/www.ar-architectes.com\/fr\/wp-json\/wp\/v2\/posts\/5600","targetHints":{"allow":["GET"]}}],"collection":[{"href":"https:\/\/www.ar-architectes.com\/fr\/wp-json\/wp\/v2\/posts"}],"about":[{"href":"https:\/\/www.ar-architectes.com\/fr\/wp-json\/wp\/v2\/types\/post"}],"author":[{"embeddable":true,"href":"https:\/\/www.ar-architectes.com\/fr\/wp-json\/wp\/v2\/users\/1"}],"replies":[{"embeddable":true,"href":"https:\/\/www.ar-architectes.com\/fr\/wp-json\/wp\/v2\/comments?post=5600"}],"version-history":[{"count":23,"href":"https:\/\/www.ar-architectes.com\/fr\/wp-json\/wp\/v2\/posts\/5600\/revisions"}],"predecessor-version":[{"id":5749,"href":"https:\/\/www.ar-architectes.com\/fr\/wp-json\/wp\/v2\/posts\/5600\/revisions\/5749"}],"wp:featuredmedia":[{"embeddable":true,"href":"https:\/\/www.ar-architectes.com\/fr\/wp-json\/wp\/v2\/media\/5605"}],"wp:attachment":[{"href":"https:\/\/www.ar-architectes.com\/fr\/wp-json\/wp\/v2\/media?parent=5600"}],"wp:term":[{"taxonomy":"category","embeddable":true,"href":"https:\/\/www.ar-architectes.com\/fr\/wp-json\/wp\/v2\/categories?post=5600"},{"taxonomy":"post_tag","embeddable":true,"href":"https:\/\/www.ar-architectes.com\/fr\/wp-json\/wp\/v2\/tags?post=5600"}],"curies":[{"name":"wp","href":"https:\/\/api.w.org\/{rel}","templated":true}]}}