{"id":5879,"date":"2025-02-21T15:59:36","date_gmt":"2025-02-21T15:59:36","guid":{"rendered":"https:\/\/www.ar-architectes.com\/?p=5879"},"modified":"2025-02-24T10:40:03","modified_gmt":"2025-02-24T10:40:03","slug":"ar-architectes-accompagne-eau-de-paris-pour-la-rehabilitation-des-pavillons-du-reservoir-montsouris-a-paris-14e","status":"publish","type":"post","link":"https:\/\/www.ar-architectes.com\/fr\/non-classifiee\/ar-architectes-accompagne-eau-de-paris-pour-la-rehabilitation-des-pavillons-du-reservoir-montsouris-a-paris-14e\/","title":{"rendered":"AR ARCHITECTES ACCOMPAGNE EAU DE PARIS POUR LA R\u00c9HABILITATION DES PAVILLONS DU R\u00c9SERVOIR MONTSOURIS \u00c0 paris 14e"},"content":{"rendered":"\t\t<div data-elementor-type=\"wp-post\" data-elementor-id=\"5879\" class=\"elementor elementor-5879\">\n\t\t\t\t<div class=\"elementor-element elementor-element-327d105 e-grid e-con-boxed e-con e-parent\" data-id=\"327d105\" data-element_type=\"container\" data-e-type=\"container\">\n\t\t\t\t\t<div class=\"e-con-inner\">\n\t\t\t\t<div class=\"elementor-element elementor-element-1661e65 elementor-widget elementor-widget-image\" data-id=\"1661e65\" data-element_type=\"widget\" data-e-type=\"widget\" data-widget_type=\"image.default\">\n\t\t\t\t<div class=\"elementor-widget-container\">\n\t\t\t\t\t\t\t\t\t\t\t\t\t\t\t<img fetchpriority=\"high\" decoding=\"async\" width=\"1024\" height=\"767\" src=\"https:\/\/www.ar-architectes.com\/wp-content\/uploads\/2025\/02\/AR_PO-FACADE-OUEST_ANCIENNE-1024x767.jpg\" class=\"attachment-large size-large wp-image-5885\" alt=\"\" srcset=\"https:\/\/www.ar-architectes.com\/wp-content\/uploads\/2025\/02\/AR_PO-FACADE-OUEST_ANCIENNE-1024x767.jpg 1024w, https:\/\/www.ar-architectes.com\/wp-content\/uploads\/2025\/02\/AR_PO-FACADE-OUEST_ANCIENNE-300x225.jpg 300w, https:\/\/www.ar-architectes.com\/wp-content\/uploads\/2025\/02\/AR_PO-FACADE-OUEST_ANCIENNE-768x576.jpg 768w, https:\/\/www.ar-architectes.com\/wp-content\/uploads\/2025\/02\/AR_PO-FACADE-OUEST_ANCIENNE-1536x1151.jpg 1536w, https:\/\/www.ar-architectes.com\/wp-content\/uploads\/2025\/02\/AR_PO-FACADE-OUEST_ANCIENNE-2048x1535.jpg 2048w, https:\/\/www.ar-architectes.com\/wp-content\/uploads\/2025\/02\/AR_PO-FACADE-OUEST_ANCIENNE-800x600.jpg 800w, https:\/\/www.ar-architectes.com\/wp-content\/uploads\/2025\/02\/AR_PO-FACADE-OUEST_ANCIENNE-700x525.jpg 700w\" sizes=\"(max-width: 1024px) 100vw, 1024px\" \/>\t\t\t\t\t\t\t\t\t\t\t\t\t\t\t<\/div>\n\t\t\t\t<\/div>\n\t\t\t\t<div class=\"elementor-element elementor-element-b1d5bd2 elementor-widget elementor-widget-image\" data-id=\"b1d5bd2\" data-element_type=\"widget\" data-e-type=\"widget\" data-widget_type=\"image.default\">\n\t\t\t\t<div class=\"elementor-widget-container\">\n\t\t\t\t\t\t\t\t\t\t\t\t\t\t\t<img decoding=\"async\" width=\"1024\" height=\"711\" src=\"https:\/\/www.ar-architectes.com\/wp-content\/uploads\/2025\/02\/AR_P51-P52_ANCIENNE_EDIT-1024x711.jpg\" class=\"attachment-large size-large wp-image-5887\" alt=\"\" srcset=\"https:\/\/www.ar-architectes.com\/wp-content\/uploads\/2025\/02\/AR_P51-P52_ANCIENNE_EDIT-1024x711.jpg 1024w, https:\/\/www.ar-architectes.com\/wp-content\/uploads\/2025\/02\/AR_P51-P52_ANCIENNE_EDIT-300x208.jpg 300w, https:\/\/www.ar-architectes.com\/wp-content\/uploads\/2025\/02\/AR_P51-P52_ANCIENNE_EDIT-768x533.jpg 768w, https:\/\/www.ar-architectes.com\/wp-content\/uploads\/2025\/02\/AR_P51-P52_ANCIENNE_EDIT-700x486.jpg 700w, https:\/\/www.ar-architectes.com\/wp-content\/uploads\/2025\/02\/AR_P51-P52_ANCIENNE_EDIT.jpg 1106w\" sizes=\"(max-width: 1024px) 100vw, 1024px\" \/>\t\t\t\t\t\t\t\t\t\t\t\t\t\t\t<\/div>\n\t\t\t\t<\/div>\n\t\t\t\t<div class=\"elementor-element elementor-element-20d3430 elementor-widget elementor-widget-image\" data-id=\"20d3430\" data-element_type=\"widget\" data-e-type=\"widget\" data-widget_type=\"image.default\">\n\t\t\t\t<div class=\"elementor-widget-container\">\n\t\t\t\t\t\t\t\t\t\t\t\t\t\t\t<img decoding=\"async\" width=\"1024\" height=\"768\" src=\"https:\/\/www.ar-architectes.com\/wp-content\/uploads\/2025\/02\/AR_P51-FACADE-EST_ANCIENNE-1024x768.jpg\" class=\"attachment-large size-large wp-image-5881\" alt=\"\" srcset=\"https:\/\/www.ar-architectes.com\/wp-content\/uploads\/2025\/02\/AR_P51-FACADE-EST_ANCIENNE-1024x768.jpg 1024w, https:\/\/www.ar-architectes.com\/wp-content\/uploads\/2025\/02\/AR_P51-FACADE-EST_ANCIENNE-300x225.jpg 300w, https:\/\/www.ar-architectes.com\/wp-content\/uploads\/2025\/02\/AR_P51-FACADE-EST_ANCIENNE-768x576.jpg 768w, https:\/\/www.ar-architectes.com\/wp-content\/uploads\/2025\/02\/AR_P51-FACADE-EST_ANCIENNE-1536x1152.jpg 1536w, https:\/\/www.ar-architectes.com\/wp-content\/uploads\/2025\/02\/AR_P51-FACADE-EST_ANCIENNE-2048x1536.jpg 2048w, https:\/\/www.ar-architectes.com\/wp-content\/uploads\/2025\/02\/AR_P51-FACADE-EST_ANCIENNE-800x600.jpg 800w, https:\/\/www.ar-architectes.com\/wp-content\/uploads\/2025\/02\/AR_P51-FACADE-EST_ANCIENNE-700x525.jpg 700w\" sizes=\"(max-width: 1024px) 100vw, 1024px\" \/>\t\t\t\t\t\t\t\t\t\t\t\t\t\t\t<\/div>\n\t\t\t\t<\/div>\n\t\t\t\t\t<\/div>\n\t\t\t\t<\/div>\n\t\t<div class=\"elementor-element elementor-element-30c9a70 e-grid e-con-boxed e-con e-parent\" data-id=\"30c9a70\" data-element_type=\"container\" data-e-type=\"container\">\n\t\t\t\t\t<div class=\"e-con-inner\">\n\t\t\t\t<div class=\"elementor-element elementor-element-5b97eed elementor-widget elementor-widget-spacer\" data-id=\"5b97eed\" data-element_type=\"widget\" data-e-type=\"widget\" data-widget_type=\"spacer.default\">\n\t\t\t\t<div class=\"elementor-widget-container\">\n\t\t\t\t\t\t\t<div class=\"elementor-spacer\">\n\t\t\t<div class=\"elementor-spacer-inner\"><\/div>\n\t\t<\/div>\n\t\t\t\t\t\t<\/div>\n\t\t\t\t<\/div>\n\t\t\t\t<div class=\"elementor-element elementor-element-8496007 elementor-widget elementor-widget-text-editor\" data-id=\"8496007\" data-element_type=\"widget\" data-e-type=\"widget\" data-widget_type=\"text-editor.default\">\n\t\t\t\t<div class=\"elementor-widget-container\">\n\t\t\t\t\t\t\t\t\t<p data-wp-editing=\"1\"><strong>AR ARCHITECTES EST MISSIONN\u00c9 PAR EAU DE PARIS POUR LA R\u00c9HABILITATION DES PAVILLONS AINSI QUE LA S\u00c9CURISATION DES ACC\u00c8S \u00c0 L&rsquo;EAU POTABLE DU R\u00c9SERVOIR MONTSOURIS<\/strong><\/p><p>La mission consiste aux t<span style=\"background-color: #f6f6f6;\">ravaux de restauration des 3 pavillons abritant les b\u00e2ches, de leurs ouvrages d&rsquo;appuis et du chemin de ronde et de couverture des b\u00e2ches de la VANNE, du LOING, 51 et 52 du r\u00e9servoir de Montsouris \u00e0 Paris 14e.\u00a0<\/span><\/p><p><span style=\"background-color: #f6f6f6;\">Il s&rsquo;agit d&rsquo;un<\/span>\u00a0projet exceptionnel qui combine patrimoine et modernit\u00e9. Nous mettons un point d&rsquo;honneur \u00e0 restaurer les Pavillons \u00e0 leur \u00e9tat d&rsquo;origine, respectant pleinement l&rsquo;architecture historique du site. Ce projet prend \u00e9galement en compte l&rsquo;int\u00e9gration dans un environnement urbain sensible, \u00e0 proximit\u00e9 de b\u00e2timents patrimoniaux, tout en garantissant la s\u00e9curit\u00e9 et l&rsquo;accessibilit\u00e9 des installations pour l&rsquo;approvisionnement en eau potable des b\u00e2ches.\u00a0<\/p><p>Nous tenons \u00e0 remercier EAU DE PARIS pour sa confiance renouvel\u00e9e. A titre d&rsquo;information, le dossier de consultation des entreprises est en ligne depuis le 7 f\u00e9vrier 2025, permettant ainsi aux parties prenantes de d\u00e9couvrir cette initiative ambitieuse.\u00a0<\/p><p>Nous sommes impatients de voir ce projet essentiel prendre forme !\u00a0<br \/>Le projet est port\u00e9 par l&rsquo;\u00e9quipe de conception AR ARCHITECTES, BOST ING\u00c9NIERIE OUEST et EUROELEC SMART ENERGY.<\/p><p><span style=\"color: var( --e-global-color-text ); font-family: var( --e-global-typography-text-font-family ), Sans-serif; font-weight: var( --e-global-typography-text-font-weight ); text-align: var(--text-align);\">Retrouvez nos derni\u00e8res actualit\u00e9s sur LinkedIn\u00a0: <\/span><a style=\"font-family: var( --e-global-typography-text-font-family ), Sans-serif; font-weight: var( --e-global-typography-text-font-weight ); text-align: var(--text-align);\" href=\"https:\/\/www.linkedin.com\/company\/ar-architectes\/posts\/\">https:\/\/www.linkedin.com\/company\/ar-architectes\/posts\/<\/a><\/p>\t\t\t\t\t\t\t\t<\/div>\n\t\t\t\t<\/div>\n\t\t\t\t\t<\/div>\n\t\t\t\t<\/div>\n\t\t\t\t<\/div>\n\t\t","protected":false},"excerpt":{"rendered":"<p>AR ARCHITECTES EST MISSIONN\u00c9 PAR EAU DE PARIS POUR LA R\u00c9HABILITATION DES PAVILLONS AINSI QUE LA S\u00c9CURISATION DES ACC\u00c8S \u00c0 L&rsquo;EAU POTABLE DU R\u00c9SERVOIR MONTSOURIS La mission consiste aux travaux de restauration des 3 pavillons abritant les b\u00e2ches, de leurs ouvrages d&rsquo;appuis et du chemin&#8230;<\/p>\n","protected":false},"author":1,"featured_media":5881,"comment_status":"open","ping_status":"open","sticky":true,"template":"","format":"standard","meta":{"_monsterinsights_skip_tracking":false,"_monsterinsights_sitenote_active":false,"_monsterinsights_sitenote_note":"","_monsterinsights_sitenote_category":0,"footnotes":""},"categories":[1],"tags":[],"class_list":["post-5879","post","type-post","status-publish","format-standard","has-post-thumbnail","hentry","category-non-classifiee"],"_links":{"self":[{"href":"https:\/\/www.ar-architectes.com\/fr\/wp-json\/wp\/v2\/posts\/5879","targetHints":{"allow":["GET"]}}],"collection":[{"href":"https:\/\/www.ar-architectes.com\/fr\/wp-json\/wp\/v2\/posts"}],"about":[{"href":"https:\/\/www.ar-architectes.com\/fr\/wp-json\/wp\/v2\/types\/post"}],"author":[{"embeddable":true,"href":"https:\/\/www.ar-architectes.com\/fr\/wp-json\/wp\/v2\/users\/1"}],"replies":[{"embeddable":true,"href":"https:\/\/www.ar-architectes.com\/fr\/wp-json\/wp\/v2\/comments?post=5879"}],"version-history":[{"count":38,"href":"https:\/\/www.ar-architectes.com\/fr\/wp-json\/wp\/v2\/posts\/5879\/revisions"}],"predecessor-version":[{"id":6100,"href":"https:\/\/www.ar-architectes.com\/fr\/wp-json\/wp\/v2\/posts\/5879\/revisions\/6100"}],"wp:featuredmedia":[{"embeddable":true,"href":"https:\/\/www.ar-architectes.com\/fr\/wp-json\/wp\/v2\/media\/5881"}],"wp:attachment":[{"href":"https:\/\/www.ar-architectes.com\/fr\/wp-json\/wp\/v2\/media?parent=5879"}],"wp:term":[{"taxonomy":"category","embeddable":true,"href":"https:\/\/www.ar-architectes.com\/fr\/wp-json\/wp\/v2\/categories?post=5879"},{"taxonomy":"post_tag","embeddable":true,"href":"https:\/\/www.ar-architectes.com\/fr\/wp-json\/wp\/v2\/tags?post=5879"}],"curies":[{"name":"wp","href":"https:\/\/api.w.org\/{rel}","templated":true}]}}